{"id":17702,"global_id":"filharmoniasudecka.pl\/en\/?id=17702","global_id_lineage":["filharmoniasudecka.pl\/en\/?id=17702"],"author":"16","status":"publish","date":"2025-06-20 13:00:17","date_utc":"2025-06-20 11:00:17","modified":"2025-11-28 08:46:28","modified_utc":"2025-11-28 07:46:28","url":"https:\/\/filharmoniasudecka.pl\/en\/event\/3rd-christmas-festival-a-christmas-carol\/","rest_url":"https:\/\/filharmoniasudecka.pl\/en\/wp-json\/tribe\/events\/v1\/events\/17702","title":"3rd Christmas Festival: A Christmas Carol","description":"<p><strong>20.12.2025, Saturday, 6pm<br \/>\n<\/strong>Wa\u0142brzych, Filharmonia Sudecka<br \/>\n<strong>3rd Christmas Festival: A Christmas Carol<\/strong><\/p>\n<h4 id=\"performers\"><strong>Performers<\/strong><\/h4>\n<p><a href=\"https:\/\/filharmoniasudecka.pl\/agnieszka-frankow-zelazny\/\"><strong>Agnieszka Frank\u00f3w-\u017belazny<\/strong><\/a> \u2014 conductor<br \/>\n<a href=\"https:\/\/filharmoniasudecka.pl\/filip-nizynski\/\"><b>Filip Ni\u017cy\u0144ski<\/b><\/a> \u2014 Ebenezer Scrooge<b><br \/>\n<a href=\"https:\/\/filharmoniasudecka.pl\/milosz-sadowski\/\">Mi\u0142osz Sadowski<\/a><\/b> \u2014 Jacob \/ narrator<br \/>\n<a href=\"https:\/\/filharmoniasudecka.pl\/adriana-masiak\/\"><b>Adriana Masiak<\/b><\/a> \u2014 Bella<br \/>\n<b>Julia Merchel<\/b> \u2014 Volunteer<b><br \/>\nAmelia Pop\u0142awska<\/b> \u2014 Ebi<b><br \/>\n<\/b><strong>Sudeten Philharmonic Children&#8217;s Choir<\/strong><br \/>\n<a href=\"https:\/\/filharmoniasudecka.pl\/anna-kupczynska\/\"><strong>Anna Kupczy\u0144ska<\/strong><\/a> \u2014 choir direction<br \/>\n<strong>Sudeten Philharmonic Symphony Orchestra<\/strong><\/p>\n<h4 id=\"program\"><strong>Program<\/strong><\/h4>\n<p><em>A Christmas Carol<\/em> \u2014 oratorio for orchestra, children&#8217;s choir and puppeteers<br \/>\nMusic: Micha\u0142 Zi\u00f3\u0142kowski<br \/>\nLibretto: Justyna Migu\u0142a<\/p>\n<p><strong>Duration: <\/strong>75&#8242; (no intermission)<br \/>\n<strong>Tickets:<\/strong> 60 \/ 40 PLN<\/p>\n<p><a href=\"https:\/\/bilety.filharmoniasudecka.pl\/numerowane.html?id=310&amp;idt=66a53c6ae403262962d15281f2222444&amp;d=3\"><img  loading=\"lazy\"  decoding=\"async\"  class=\"alignright size-full wp-image-18298 pk-lazyload\"  src=\"data:image\/png;base64,iVBORw0KGgoAAAANSUhEUgAAAAEAAAABAQMAAAAl21bKAAAAA1BMVEUAAP+KeNJXAAAAAXRSTlMAQObYZgAAAAlwSFlzAAAOxAAADsQBlSsOGwAAAApJREFUCNdjYAAAAAIAAeIhvDMAAAAASUVORK5CYII=\"  alt=\"\"  width=\"139\"  height=\"60\"  data-pk-sizes=\"auto\"  data-pk-src=\"https:\/\/filharmoniasudecka.pl\/wp-content\/uploads\/2025\/11\/button_kup-bilet.png\" ><\/a><\/p>\n<p>&nbsp;<\/p>\n<p>&nbsp;<\/p>\n<p>&nbsp;<\/p>\n<p>&nbsp;<\/p>","excerpt":"","slug":"3rd-christmas-festival-a-christmas-carol","image":{"url":"https:\/\/filharmoniasudecka.pl\/wp-content\/uploads\/2025\/12\/2025-12-20-Walbrzych-2.png","id":18526,"extension":"png","width":712,"height":1072,"filesize":1422559,"sizes":{"medium":{"width":199,"height":300,"mime-type":"image\/png","filesize":129865,"url":"https:\/\/filharmoniasudecka.pl\/wp-content\/uploads\/2025\/12\/2025-12-20-Walbrzych-2-199x300.png"},"large":{"width":680,"height":1024,"mime-type":"image\/png","filesize":1251822,"url":"https:\/\/filharmoniasudecka.pl\/wp-content\/uploads\/2025\/12\/2025-12-20-Walbrzych-2-680x1024.png"},"thumbnail":{"width":150,"height":150,"mime-type":"image\/png","filesize":53582,"url":"https:\/\/filharmoniasudecka.pl\/wp-content\/uploads\/2025\/12\/2025-12-20-Walbrzych-2-150x150.png"},"cnvs-small":{"width":80,"height":80,"mime-type":"image\/png","filesize":15700,"url":"https:\/\/filharmoniasudecka.pl\/wp-content\/uploads\/2025\/12\/2025-12-20-Walbrzych-2-80x80.png"},"cnvs-thumbnail":{"width":300,"height":225,"mime-type":"image\/png","filesize":151937,"url":"https:\/\/filharmoniasudecka.pl\/wp-content\/uploads\/2025\/12\/2025-12-20-Walbrzych-2-300x225.png"},"pk-small":{"width":80,"height":80,"mime-type":"image\/png","filesize":15700,"url":"https:\/\/filharmoniasudecka.pl\/wp-content\/uploads\/2025\/12\/2025-12-20-Walbrzych-2-80x80.png"},"pk-thumbnail":{"width":300,"height":225,"mime-type":"image\/png","filesize":151937,"url":"https:\/\/filharmoniasudecka.pl\/wp-content\/uploads\/2025\/12\/2025-12-20-Walbrzych-2-300x225.png"},"csco-small":{"width":100,"height":100,"mime-type":"image\/png","filesize":24320,"url":"https:\/\/filharmoniasudecka.pl\/wp-content\/uploads\/2025\/12\/2025-12-20-Walbrzych-2-100x100.png"},"csco-thumbnail":{"width":416,"height":278,"mime-type":"image\/png","filesize":250074,"url":"https:\/\/filharmoniasudecka.pl\/wp-content\/uploads\/2025\/12\/2025-12-20-Walbrzych-2-416x278.png"},"csco-thumbnail-uncropped":{"width":416,"height":626,"mime-type":"image\/png","filesize":520706,"url":"https:\/\/filharmoniasudecka.pl\/wp-content\/uploads\/2025\/12\/2025-12-20-Walbrzych-2-416x626.png"},"csco-medium":{"width":712,"height":570,"mime-type":"image\/png","filesize":800724,"url":"https:\/\/filharmoniasudecka.pl\/wp-content\/uploads\/2025\/12\/2025-12-20-Walbrzych-2-712x570.png"},"csco-large":{"width":712,"height":864,"mime-type":"image\/png","filesize":1175903,"url":"https:\/\/filharmoniasudecka.pl\/wp-content\/uploads\/2025\/12\/2025-12-20-Walbrzych-2-712x864.png"},"csco-extra-large":{"width":712,"height":1024,"mime-type":"image\/png","filesize":1359536,"url":"https:\/\/filharmoniasudecka.pl\/wp-content\/uploads\/2025\/12\/2025-12-20-Walbrzych-2-712x1024.png"}}},"all_day":false,"start_date":"2025-12-20 18:00:00","start_date_details":{"year":"2025","month":"12","day":"20","hour":"18","minutes":"00","seconds":"00"},"end_date":"2025-12-20 18:00:00","end_date_details":{"year":"2025","month":"12","day":"20","hour":"18","minutes":"00","seconds":"00"},"utc_start_date":"2025-12-20 17:00:00","utc_start_date_details":{"year":"2025","month":"12","day":"20","hour":"17","minutes":"00","seconds":"00"},"utc_end_date":"2025-12-20 17:00:00","utc_end_date_details":{"year":"2025","month":"12","day":"20","hour":"17","minutes":"00","seconds":"00"},"timezone":"Europe\/Warsaw","timezone_abbr":"CET","cost":"","cost_details":{"currency_symbol":"","currency_code":"","currency_position":"","values":[]},"website":"","show_map":false,"show_map_link":true,"hide_from_listings":false,"sticky":false,"featured":false,"categories":[],"tags":[],"venue":{"id":5603,"author":"11","status":"publish","date":"2023-06-13 13:55:07","date_utc":"2023-06-13 11:55:07","modified":"2025-07-03 12:04:00","modified_utc":"2025-07-03 10:04:00","url":"https:\/\/filharmoniasudecka.pl\/location\/sala-koncertowa-2\/","venue":"Sala Koncertowa Filharmonii Sudeckiej","slug":"sala-koncertowa-2","address":"S\u0142owackiego 4","city":"Wa\u0142brzych","country":"Poland","province":"Wa\u0142brzych","zip":"58-300","stateprovince":"Wa\u0142brzych","json_ld":{"@type":"Place","name":"Sala Koncertowa Filharmonii Sudeckiej","description":"","url":"https:\/\/filharmoniasudecka.pl\/location\/sala-koncertowa-2\/","address":{"@type":"PostalAddress","streetAddress":"S\u0142owackiego 4","addressLocality":"Wa\u0142brzych","addressRegion":"Wa\u0142brzych","postalCode":"58-300","addressCountry":"Poland"},"telephone":"","sameAs":""},"show_map":false,"show_map_link":true,"global_id":"filharmoniasudecka.pl\/en\/?id=5603","global_id_lineage":["filharmoniasudecka.pl\/en\/?id=5603"]},"organizer":[],"custom_fields":[],"json_ld":{"@context":"http:\/\/schema.org","@type":"Event","name":"3rd Christmas Festival: A Christmas Carol","description":"&lt;p&gt;20.12.2025, Saturday, 6pm Wa\u0142brzych, Filharmonia Sudecka 3rd Christmas Festival: A Christmas Carol Performers Agnieszka Frank\u00f3w-\u017belazny \u2014 conductor Filip&hellip;&lt;\/p&gt;\\n","image":"https:\/\/filharmoniasudecka.pl\/wp-content\/uploads\/2025\/12\/2025-12-20-Walbrzych-2.png","url":"https:\/\/filharmoniasudecka.pl\/en\/event\/3rd-christmas-festival-a-christmas-carol\/","eventAttendanceMode":"https:\/\/schema.org\/OfflineEventAttendanceMode","eventStatus":"https:\/\/schema.org\/EventScheduled","startDate":"2025-12-20T18:00:00+01:00","endDate":"2025-12-20T18:00:00+01:00","location":{"@type":"Place","name":"Sala Koncertowa Filharmonii Sudeckiej","description":"","url":"https:\/\/filharmoniasudecka.pl\/location\/sala-koncertowa-2\/","address":{"@type":"PostalAddress","streetAddress":"S\u0142owackiego 4","addressLocality":"Wa\u0142brzych","addressRegion":"Wa\u0142brzych","postalCode":"58-300","addressCountry":"Poland"},"telephone":"","sameAs":""},"performer":"Organization"},"ticketed":false,"is_virtual":false,"virtual_url":null,"virtual_video_source":""}