{"id":17735,"global_id":"filharmoniasudecka.pl\/en\/?id=17735","global_id_lineage":["filharmoniasudecka.pl\/en\/?id=17735"],"author":"16","status":"publish","date":"2025-06-20 13:00:16","date_utc":"2025-06-20 11:00:16","modified":"2025-11-28 09:07:33","modified_utc":"2025-11-28 08:07:33","url":"https:\/\/filharmoniasudecka.pl\/en\/event\/families-concert-in-a-reindeer-country\/","rest_url":"https:\/\/filharmoniasudecka.pl\/en\/wp-json\/tribe\/events\/v1\/events\/17735","title":"Families Concert: In a reindeer country","description":"<p><strong>25.01.2026, Sunday, 11am<br \/>\n<\/strong>Wa\u0142brzych, Filharmonia Sudecka<br \/>\n<strong>Families Concert: In a reindeer country<\/strong><\/p>\n<h4 id=\"performers\"><strong>Performers<\/strong><\/h4>\n<p><b>Jan Bielak <\/b>\u2014 conductor<b><br \/>\nSudeten Philharmonic Symphony Orchestra<\/b><\/p>\n<h4 id=\"program\"><strong>Program<\/strong><\/h4>\n<p><strong>Edvard Grieg<\/strong> \u2014 Norwegian Dances\u00a0 \u00a0\u00a0 (18&#8242;)<br \/>\n<strong>Edvard Grieg<\/strong> \u2014 Peer Gynt Suite Op. 46, Op. 55 (fragments)<br \/>\n<strong>Jean Sibelius<\/strong> \u2014 Finland \u00a0 \u00a0 (8&#8242;)<\/p>\n<p><strong>Duration: <\/strong>60&#8242; (no intermission)<br \/>\n<strong>Tickets: <\/strong>25 PLN<\/p>\n<p><a href=\"https:\/\/bilety.filharmoniasudecka.pl\/numerowane.html?id=321&amp;idt=90534247e38cbbb2ad1a9a68e3e23441&amp;d=3\"><img  loading=\"lazy\"  decoding=\"async\"  class=\"alignright size-full wp-image-18298 pk-lazyload\"  src=\"data:image\/png;base64,iVBORw0KGgoAAAANSUhEUgAAAAEAAAABAQMAAAAl21bKAAAAA1BMVEUAAP+KeNJXAAAAAXRSTlMAQObYZgAAAAlwSFlzAAAOxAAADsQBlSsOGwAAAApJREFUCNdjYAAAAAIAAeIhvDMAAAAASUVORK5CYII=\"  alt=\"\"  width=\"139\"  height=\"60\"  data-pk-sizes=\"auto\"  data-pk-src=\"https:\/\/filharmoniasudecka.pl\/wp-content\/uploads\/2025\/11\/button_kup-bilet.png\" ><\/a><\/p>\n<p>&nbsp;<\/p>\n<p>&nbsp;<\/p>\n<p>&nbsp;<\/p>\n<p>&nbsp;<\/p>","excerpt":"","slug":"families-concert-in-a-reindeer-country","image":{"url":"https:\/\/filharmoniasudecka.pl\/wp-content\/uploads\/2026\/01\/2026-01-25-712x1072-1.png","id":18658,"extension":"png","width":712,"height":1072,"filesize":1624218,"sizes":{"medium":{"width":199,"height":300,"mime-type":"image\/png","filesize":134778,"url":"https:\/\/filharmoniasudecka.pl\/wp-content\/uploads\/2026\/01\/2026-01-25-712x1072-1-199x300.png"},"large":{"width":680,"height":1024,"mime-type":"image\/png","filesize":1424957,"url":"https:\/\/filharmoniasudecka.pl\/wp-content\/uploads\/2026\/01\/2026-01-25-712x1072-1-680x1024.png"},"thumbnail":{"width":150,"height":150,"mime-type":"image\/png","filesize":51095,"url":"https:\/\/filharmoniasudecka.pl\/wp-content\/uploads\/2026\/01\/2026-01-25-712x1072-1-150x150.png"},"cnvs-small":{"width":80,"height":80,"mime-type":"image\/png","filesize":14388,"url":"https:\/\/filharmoniasudecka.pl\/wp-content\/uploads\/2026\/01\/2026-01-25-712x1072-1-80x80.png"},"cnvs-thumbnail":{"width":300,"height":225,"mime-type":"image\/png","filesize":153365,"url":"https:\/\/filharmoniasudecka.pl\/wp-content\/uploads\/2026\/01\/2026-01-25-712x1072-1-300x225.png"},"pk-small":{"width":80,"height":80,"mime-type":"image\/png","filesize":14388,"url":"https:\/\/filharmoniasudecka.pl\/wp-content\/uploads\/2026\/01\/2026-01-25-712x1072-1-80x80.png"},"pk-thumbnail":{"width":300,"height":225,"mime-type":"image\/png","filesize":153365,"url":"https:\/\/filharmoniasudecka.pl\/wp-content\/uploads\/2026\/01\/2026-01-25-712x1072-1-300x225.png"},"csco-small":{"width":100,"height":100,"mime-type":"image\/png","filesize":22644,"url":"https:\/\/filharmoniasudecka.pl\/wp-content\/uploads\/2026\/01\/2026-01-25-712x1072-1-100x100.png"},"csco-thumbnail":{"width":416,"height":278,"mime-type":"image\/png","filesize":260654,"url":"https:\/\/filharmoniasudecka.pl\/wp-content\/uploads\/2026\/01\/2026-01-25-712x1072-1-416x278.png"},"csco-thumbnail-uncropped":{"width":416,"height":626,"mime-type":"image\/png","filesize":568597,"url":"https:\/\/filharmoniasudecka.pl\/wp-content\/uploads\/2026\/01\/2026-01-25-712x1072-1-416x626.png"},"csco-medium":{"width":712,"height":570,"mime-type":"image\/png","filesize":887284,"url":"https:\/\/filharmoniasudecka.pl\/wp-content\/uploads\/2026\/01\/2026-01-25-712x1072-1-712x570.png"},"csco-large":{"width":712,"height":864,"mime-type":"image\/png","filesize":1298061,"url":"https:\/\/filharmoniasudecka.pl\/wp-content\/uploads\/2026\/01\/2026-01-25-712x1072-1-712x864.png"},"csco-extra-large":{"width":712,"height":1024,"mime-type":"image\/png","filesize":1547882,"url":"https:\/\/filharmoniasudecka.pl\/wp-content\/uploads\/2026\/01\/2026-01-25-712x1072-1-712x1024.png"}}},"all_day":false,"start_date":"2026-01-25 11:00:00","start_date_details":{"year":"2026","month":"01","day":"25","hour":"11","minutes":"00","seconds":"00"},"end_date":"2026-01-25 11:00:00","end_date_details":{"year":"2026","month":"01","day":"25","hour":"11","minutes":"00","seconds":"00"},"utc_start_date":"2026-01-25 10:00:00","utc_start_date_details":{"year":"2026","month":"01","day":"25","hour":"10","minutes":"00","seconds":"00"},"utc_end_date":"2026-01-25 10:00:00","utc_end_date_details":{"year":"2026","month":"01","day":"25","hour":"10","minutes":"00","seconds":"00"},"timezone":"Europe\/Warsaw","timezone_abbr":"CET","cost":"","cost_details":{"currency_symbol":"","currency_code":"","currency_position":"","values":[]},"website":"","show_map":false,"show_map_link":true,"hide_from_listings":false,"sticky":false,"featured":false,"categories":[],"tags":[],"venue":{"id":5603,"author":"11","status":"publish","date":"2023-06-13 13:55:07","date_utc":"2023-06-13 11:55:07","modified":"2025-07-03 12:04:00","modified_utc":"2025-07-03 10:04:00","url":"https:\/\/filharmoniasudecka.pl\/location\/sala-koncertowa-2\/","venue":"Sala Koncertowa Filharmonii Sudeckiej","slug":"sala-koncertowa-2","address":"S\u0142owackiego 4","city":"Wa\u0142brzych","country":"Poland","province":"Wa\u0142brzych","zip":"58-300","stateprovince":"Wa\u0142brzych","json_ld":{"@type":"Place","name":"Sala Koncertowa Filharmonii Sudeckiej","description":"","url":"https:\/\/filharmoniasudecka.pl\/location\/sala-koncertowa-2\/","address":{"@type":"PostalAddress","streetAddress":"S\u0142owackiego 4","addressLocality":"Wa\u0142brzych","addressRegion":"Wa\u0142brzych","postalCode":"58-300","addressCountry":"Poland"},"telephone":"","sameAs":""},"show_map":false,"show_map_link":true,"global_id":"filharmoniasudecka.pl\/en\/?id=5603","global_id_lineage":["filharmoniasudecka.pl\/en\/?id=5603"]},"organizer":[],"custom_fields":[],"json_ld":{"@context":"http:\/\/schema.org","@type":"Event","name":"Families Concert: In a reindeer country","description":"&lt;p&gt;25.01.2026, Sunday, 11am Wa\u0142brzych, Filharmonia Sudecka Families Concert: In a reindeer country Performers Jan Bielak \u2014 conductor Sudeten&hellip;&lt;\/p&gt;\\n","image":"https:\/\/filharmoniasudecka.pl\/wp-content\/uploads\/2026\/01\/2026-01-25-712x1072-1.png","url":"https:\/\/filharmoniasudecka.pl\/en\/event\/families-concert-in-a-reindeer-country\/","eventAttendanceMode":"https:\/\/schema.org\/OfflineEventAttendanceMode","eventStatus":"https:\/\/schema.org\/EventScheduled","startDate":"2026-01-25T11:00:00+01:00","endDate":"2026-01-25T11:00:00+01:00","location":{"@type":"Place","name":"Sala Koncertowa Filharmonii Sudeckiej","description":"","url":"https:\/\/filharmoniasudecka.pl\/location\/sala-koncertowa-2\/","address":{"@type":"PostalAddress","streetAddress":"S\u0142owackiego 4","addressLocality":"Wa\u0142brzych","addressRegion":"Wa\u0142brzych","postalCode":"58-300","addressCountry":"Poland"},"telephone":"","sameAs":""},"performer":"Organization"},"ticketed":false,"is_virtual":false,"virtual_url":null,"virtual_video_source":""}