{"id":17759,"global_id":"filharmoniasudecka.pl\/en\/?id=17759","global_id_lineage":["filharmoniasudecka.pl\/en\/?id=17759"],"author":"16","status":"publish","date":"2025-06-18 10:00:50","date_utc":"2025-06-18 08:00:50","modified":"2026-01-13 15:07:46","modified_utc":"2026-01-13 14:07:46","url":"https:\/\/filharmoniasudecka.pl\/en\/event\/3rd-brass-plus-festival-closing-concert\/","rest_url":"https:\/\/filharmoniasudecka.pl\/en\/wp-json\/tribe\/events\/v1\/events\/17759","title":"3rd Brass Plus Festival: Closing concert","description":"<p><strong>01.03.2026, Sunday, 6pm<br \/>\n<\/strong>Wa\u0142brzych, Filharmonia Sudecka<br \/>\n<strong>3rd Brass Plus Festival: Closing concert<\/strong><\/p>\n<h4 id=\"performers\"><strong>Performers<\/strong><\/h4>\n<p><b>Funk Animations band<\/b>:<b><br \/>\n<\/b><span data-olk-copy-source=\"MessageBody\"><strong>Agata Szpalik<\/strong> \u2014 vocalist<br \/>\n<\/span><strong>Kacper Grzanka<\/strong>\u00a0\u2014 trumpet<br \/>\n<strong>Pawe\u0142 Zadro\u017cniak<\/strong> \u2014 trumpet<br \/>\n<strong>Maciej \u0141akomy<\/strong> \u2014 trombone<br \/>\n<strong>Maciej Soko\u0142owski<\/strong> \u2014 alto saxophone<br \/>\n<strong>Wojciech Braszak<\/strong> \u2014 baritone saxophone<br \/>\n<strong>Jakub Wilczek<\/strong> \u2014 keyboard instruments<br \/>\n<strong>\u0141ukasz Wons<\/strong> \u2014 electric guitar<br \/>\n<strong>Bart\u0142omiej Werachowski<\/strong> \u2014 bass guitar<br \/>\n<strong>Dominik Karkoszka<\/strong> \u2014 percussion<br \/>\n<strong>Maciej Gi\u017cejewski<\/strong> \u2014 percussion<b><\/b><\/p>\n<h4 id=\"program\"><strong>Program<\/strong><\/h4>\n<p><em>Shake everything you got<br \/>\nCold Sweet\u00a0<\/em><br \/>\n<em>Shout<\/em><br \/>\n<em>Fight The Power<\/em><br \/>\n<em>Don\u2019t hate the Player<\/em><br \/>\n<em>Hang up your hang-ups<\/em><br \/>\n<em>What\u2019s going on<\/em><br \/>\n<em>What is Hip<\/em><br \/>\n<em>Soul With Capital S<\/em><br \/>\n<em>The Work pt.1<\/em><br \/>\n<em>Musicology<\/em><br \/>\n<em>Sexy MF<\/em><br \/>\n<em>Pick up the Pieces<\/em><br \/>\n<em>Jungle Boogie<\/em><\/p>\n<p>&nbsp;<\/p>\n<p><strong>Duration: <\/strong>100&#8242; (with a 20&#8242; intermission)<br \/>\n<strong>Tickets:<\/strong> 60 \/ 40 PLN<\/p>\n<p>&nbsp;<\/p>\n<p><a href=\"https:\/\/bilety.filharmoniasudecka.pl\/numerowane.html?id=331&amp;idt=891999f02fc4b61b2afd8be942032776&amp;d=3\"><img  loading=\"lazy\"  decoding=\"async\"  class=\"alignright size-full wp-image-18298 pk-lazyload\"  src=\"data:image\/png;base64,iVBORw0KGgoAAAANSUhEUgAAAAEAAAABAQMAAAAl21bKAAAAA1BMVEUAAP+KeNJXAAAAAXRSTlMAQObYZgAAAAlwSFlzAAAOxAAADsQBlSsOGwAAAApJREFUCNdjYAAAAAIAAeIhvDMAAAAASUVORK5CYII=\"  alt=\"\"  width=\"139\"  height=\"60\"  data-pk-sizes=\"auto\"  data-pk-src=\"https:\/\/filharmoniasudecka.pl\/wp-content\/uploads\/2025\/11\/button_kup-bilet.png\" ><\/a><\/p>","excerpt":"","slug":"3rd-brass-plus-festival-closing-concert","image":{"url":"https:\/\/filharmoniasudecka.pl\/wp-content\/uploads\/2025\/06\/2026-03-01-3-BPF-Funk-Animation.png","id":18996,"extension":"png","width":712,"height":1072,"filesize":1084774,"sizes":{"medium":{"width":199,"height":300,"mime-type":"image\/png","filesize":106069,"url":"https:\/\/filharmoniasudecka.pl\/wp-content\/uploads\/2025\/06\/2026-03-01-3-BPF-Funk-Animation-199x300.png"},"large":{"width":680,"height":1024,"mime-type":"image\/png","filesize":969836,"url":"https:\/\/filharmoniasudecka.pl\/wp-content\/uploads\/2025\/06\/2026-03-01-3-BPF-Funk-Animation-680x1024.png"},"thumbnail":{"width":150,"height":150,"mime-type":"image\/png","filesize":45103,"url":"https:\/\/filharmoniasudecka.pl\/wp-content\/uploads\/2025\/06\/2026-03-01-3-BPF-Funk-Animation-150x150.png"},"cnvs-small":{"width":80,"height":80,"mime-type":"image\/png","filesize":13857,"url":"https:\/\/filharmoniasudecka.pl\/wp-content\/uploads\/2025\/06\/2026-03-01-3-BPF-Funk-Animation-80x80.png"},"cnvs-thumbnail":{"width":300,"height":225,"mime-type":"image\/png","filesize":125252,"url":"https:\/\/filharmoniasudecka.pl\/wp-content\/uploads\/2025\/06\/2026-03-01-3-BPF-Funk-Animation-300x225.png"},"pk-small":{"width":80,"height":80,"mime-type":"image\/png","filesize":13857,"url":"https:\/\/filharmoniasudecka.pl\/wp-content\/uploads\/2025\/06\/2026-03-01-3-BPF-Funk-Animation-80x80.png"},"pk-thumbnail":{"width":300,"height":225,"mime-type":"image\/png","filesize":125252,"url":"https:\/\/filharmoniasudecka.pl\/wp-content\/uploads\/2025\/06\/2026-03-01-3-BPF-Funk-Animation-300x225.png"},"csco-small":{"width":100,"height":100,"mime-type":"image\/png","filesize":21235,"url":"https:\/\/filharmoniasudecka.pl\/wp-content\/uploads\/2025\/06\/2026-03-01-3-BPF-Funk-Animation-100x100.png"},"csco-thumbnail":{"width":416,"height":278,"mime-type":"image\/png","filesize":203816,"url":"https:\/\/filharmoniasudecka.pl\/wp-content\/uploads\/2025\/06\/2026-03-01-3-BPF-Funk-Animation-416x278.png"},"csco-thumbnail-uncropped":{"width":416,"height":626,"mime-type":"image\/png","filesize":402005,"url":"https:\/\/filharmoniasudecka.pl\/wp-content\/uploads\/2025\/06\/2026-03-01-3-BPF-Funk-Animation-416x626.png"},"csco-medium":{"width":712,"height":570,"mime-type":"image\/png","filesize":610530,"url":"https:\/\/filharmoniasudecka.pl\/wp-content\/uploads\/2025\/06\/2026-03-01-3-BPF-Funk-Animation-712x570.png"},"csco-large":{"width":712,"height":864,"mime-type":"image\/png","filesize":917750,"url":"https:\/\/filharmoniasudecka.pl\/wp-content\/uploads\/2025\/06\/2026-03-01-3-BPF-Funk-Animation-712x864.png"},"csco-extra-large":{"width":712,"height":1024,"mime-type":"image\/png","filesize":1049403,"url":"https:\/\/filharmoniasudecka.pl\/wp-content\/uploads\/2025\/06\/2026-03-01-3-BPF-Funk-Animation-712x1024.png"}}},"all_day":false,"start_date":"2026-03-01 18:00:00","start_date_details":{"year":"2026","month":"03","day":"01","hour":"18","minutes":"00","seconds":"00"},"end_date":"2026-03-01 18:00:00","end_date_details":{"year":"2026","month":"03","day":"01","hour":"18","minutes":"00","seconds":"00"},"utc_start_date":"2026-03-01 17:00:00","utc_start_date_details":{"year":"2026","month":"03","day":"01","hour":"17","minutes":"00","seconds":"00"},"utc_end_date":"2026-03-01 17:00:00","utc_end_date_details":{"year":"2026","month":"03","day":"01","hour":"17","minutes":"00","seconds":"00"},"timezone":"Europe\/Warsaw","timezone_abbr":"CET","cost":"","cost_details":{"currency_symbol":"","currency_code":"","currency_position":"","values":[]},"website":"","show_map":false,"show_map_link":true,"hide_from_listings":false,"sticky":false,"featured":false,"categories":[],"tags":[],"venue":{"id":5603,"author":"11","status":"publish","date":"2023-06-13 13:55:07","date_utc":"2023-06-13 11:55:07","modified":"2025-07-03 12:04:00","modified_utc":"2025-07-03 10:04:00","url":"https:\/\/filharmoniasudecka.pl\/location\/sala-koncertowa-2\/","venue":"Sala Koncertowa Filharmonii Sudeckiej","slug":"sala-koncertowa-2","address":"S\u0142owackiego 4","city":"Wa\u0142brzych","country":"Poland","province":"Wa\u0142brzych","zip":"58-300","stateprovince":"Wa\u0142brzych","json_ld":{"@type":"Place","name":"Sala Koncertowa Filharmonii Sudeckiej","description":"","url":"https:\/\/filharmoniasudecka.pl\/location\/sala-koncertowa-2\/","address":{"@type":"PostalAddress","streetAddress":"S\u0142owackiego 4","addressLocality":"Wa\u0142brzych","addressRegion":"Wa\u0142brzych","postalCode":"58-300","addressCountry":"Poland"},"telephone":"","sameAs":""},"show_map":false,"show_map_link":true,"global_id":"filharmoniasudecka.pl\/en\/?id=5603","global_id_lineage":["filharmoniasudecka.pl\/en\/?id=5603"]},"organizer":[],"custom_fields":[],"json_ld":{"@context":"http:\/\/schema.org","@type":"Event","name":"3rd Brass Plus Festival: Closing concert","description":"&lt;p&gt;01.03.2026, Sunday, 6pm Wa\u0142brzych, Filharmonia Sudecka 3rd Brass Plus Festival: Closing concert Performers Funk Animations band: Agata Szpalik&hellip;&lt;\/p&gt;\\n","image":"https:\/\/filharmoniasudecka.pl\/wp-content\/uploads\/2025\/06\/2026-03-01-3-BPF-Funk-Animation.png","url":"https:\/\/filharmoniasudecka.pl\/en\/event\/3rd-brass-plus-festival-closing-concert\/","eventAttendanceMode":"https:\/\/schema.org\/OfflineEventAttendanceMode","eventStatus":"https:\/\/schema.org\/EventScheduled","startDate":"2026-03-01T18:00:00+01:00","endDate":"2026-03-01T18:00:00+01:00","location":{"@type":"Place","name":"Sala Koncertowa Filharmonii Sudeckiej","description":"","url":"https:\/\/filharmoniasudecka.pl\/location\/sala-koncertowa-2\/","address":{"@type":"PostalAddress","streetAddress":"S\u0142owackiego 4","addressLocality":"Wa\u0142brzych","addressRegion":"Wa\u0142brzych","postalCode":"58-300","addressCountry":"Poland"},"telephone":"","sameAs":""},"performer":"Organization"},"ticketed":false,"is_virtual":false,"virtual_url":null,"virtual_video_source":""}