{"id":10887,"date":"2022-11-01T15:52:46","date_gmt":"2022-11-01T14:52:46","guid":{"rendered":"https:\/\/filharmoniasudecka.pl\/?p=10887"},"modified":"2025-01-22T13:39:22","modified_gmt":"2025-01-22T12:39:22","slug":"contact","status":"publish","type":"post","link":"https:\/\/filharmoniasudecka.pl\/en\/contact\/","title":{"rendered":"Contact"},"content":{"rendered":"\n<p><strong>J\u00f3zef Wi\u0142komirski Sudeten Philharmonic in Wa\u0142brzych<\/strong><br><strong>ul. J. S\u0142owackiego 4, 58-300 Wa\u0142brzych<\/strong><br><strong>Rejestr Instytucji Kultury<\/strong> nr 13\/1999<br><strong>REGON: <\/strong>000786756<br><strong>NIP:<\/strong> 8860003976<\/p>\n\n\n\n<p><strong>Bank account:<\/strong> Santander Bank Polska S.A. 60 1090 2271 0000 0001 2296 5516<\/p>\n\n\n\n<h2 id=\"management-office-secretariat\" class=\"wp-block-heading\">Management Office\/Secretariat<\/h2>\n\n\n\n<p><strong>Paulina Gardzielewska<br>Telephone contact during office hours, Monday &#8211; Friday, 8:00 a.m. &#8211; 4:00 p.m<br>phone: +48 74 842 32 87, e-mail: sekretariat@filharmoniasudecka.pl<\/strong><\/p>\n\n\n\n<h2 id=\"ticket-office\" class=\"wp-block-heading\">Ticket Office<\/h2>\n\n\n\n<p><strong>Opening hours of the ticket office of the Sudeten Philharmonic:<\/strong><br>Tuesday &#8211; Friday: 1:00 p.m. &#8211; 3:30 p.m. and on concert days an hour before the concert.<br>Telephone information about our concerts available Tuesday &#8211; Thursday: 9:00 a.m. &#8211; 12:00 p.m.<\/p>\n\n\n\n<p><strong>Telephone contact during Ticket Office opening hours:<br>phone: 501 674 397<br>e-mail: bilety@filharmoniasudecka.pl<\/strong><\/p>\n","protected":false},"excerpt":{"rendered":"J\u00f3zef Wi\u0142komirski Sudeten Philharmonic in Wa\u0142brzychul. J. S\u0142owackiego 4, 58-300 Wa\u0142brzychRejestr Instytucji Kultury nr 13\/1999REGON: 000786756NIP: 8860003976 Bank&hellip;\n","protected":false},"author":11,"featured_media":0,"comment_status":"closed","ping_status":"closed","sticky":false,"template":"","format":"standard","meta":{"_price":"","_stock":"","_tribe_ticket_header":"","_tribe_default_ticket_provider":"","_ticket_start_date":"","_ticket_end_date":"","_tribe_ticket_show_description":"","_tribe_ticket_show_not_going":false,"_tribe_ticket_use_global_stock":"","_tribe_ticket_global_stock_level":"","_global_stock_mode":"","_global_stock_cap":"","_tribe_rsvp_for_event":"","_tribe_ticket_going_count":"","_tribe_ticket_not_going_count":"","_tribe_tickets_list":"[]","_tribe_ticket_has_attendee_info_fields":false,"csco_display_header_overlay":false,"csco_disable_site_padding":false,"csco_singular_sidebar":"","csco_page_header_type":"","csco_page_load_nextpost":"","csco_post_video_location":[],"csco_post_video_location_hash":"","csco_post_video_url":"","csco_post_video_bg_start_time":0,"csco_post_video_bg_end_time":0,"footnotes":""},"categories":[31],"tags":[],"class_list":["post-10887","post","type-post","status-publish","format-standard","category-bez-kategorii","cs-entry","cs-video-wrap"],"_links":{"self":[{"href":"https:\/\/filharmoniasudecka.pl\/en\/wp-json\/wp\/v2\/posts\/10887","targetHints":{"allow":["GET"]}}],"collection":[{"href":"https:\/\/filharmoniasudecka.pl\/en\/wp-json\/wp\/v2\/posts"}],"about":[{"href":"https:\/\/filharmoniasudecka.pl\/en\/wp-json\/wp\/v2\/types\/post"}],"author":[{"embeddable":true,"href":"https:\/\/filharmoniasudecka.pl\/en\/wp-json\/wp\/v2\/users\/11"}],"replies":[{"embeddable":true,"href":"https:\/\/filharmoniasudecka.pl\/en\/wp-json\/wp\/v2\/comments?post=10887"}],"version-history":[{"count":2,"href":"https:\/\/filharmoniasudecka.pl\/en\/wp-json\/wp\/v2\/posts\/10887\/revisions"}],"predecessor-version":[{"id":14752,"href":"https:\/\/filharmoniasudecka.pl\/en\/wp-json\/wp\/v2\/posts\/10887\/revisions\/14752"}],"wp:attachment":[{"href":"https:\/\/filharmoniasudecka.pl\/en\/wp-json\/wp\/v2\/media?parent=10887"}],"wp:term":[{"taxonomy":"category","embeddable":true,"href":"https:\/\/filharmoniasudecka.pl\/en\/wp-json\/wp\/v2\/categories?post=10887"},{"taxonomy":"post_tag","embeddable":true,"href":"https:\/\/filharmoniasudecka.pl\/en\/wp-json\/wp\/v2\/tags?post=10887"}],"curies":[{"name":"wp","href":"https:\/\/api.w.org\/{rel}","templated":true}]}}